{"id":2095,"date":"2023-12-14T09:46:14","date_gmt":"2023-12-14T09:46:14","guid":{"rendered":"https:\/\/grafstil.es\/?p=2095"},"modified":"2023-12-20T09:48:50","modified_gmt":"2023-12-20T09:48:50","slug":"maximiza-tu-impacto-visual-descubre-las-virtudes-del-expositor-plv-de-grafstil","status":"publish","type":"post","link":"https:\/\/grafstil.es\/ca\/maximiza-tu-impacto-visual-descubre-las-virtudes-del-expositor-plv-de-grafstil\/","title":{"rendered":"Maximitza el teu impacte visual: Descobreix les Virtuts de l&#039;Expositor PLV de Grafstil"},"content":{"rendered":"<h3 style=\"text-align: justify;\">Serigrafia i Tampografia: Detalls que Marquen la Difer\u00e8ncia<\/h3>\n<p style=\"text-align: justify;\">Al competitiu m\u00f3n dels negocis, la primera impressi\u00f3 \u00e9s crucial. Vols assegurar-te que la teva marca es destaqui i deixi una impressi\u00f3 duradora als teus clients? Aleshores, descobreix les virtuts del <a href=\"https:\/\/grafstil.es\/ca\/fabricante-plv\/\"><strong>expositor PLV<\/strong><\/a> de Grafstil, una pe\u00e7a mestra que maximitzar\u00e0 el teu impacte visual i portar\u00e0 la presentaci\u00f3 de productes al seg\u00fcent nivell.<\/p>\n<p style=\"text-align: justify;\">A Grafstil, no nom\u00e9s dissenyem i fabriquem, sin\u00f3 que tamb\u00e9 ens comprometem a oferir solucions t\u00e8cniques de qualitat que superin les teves expectatives. El nostre enfocament a cada detall es reflecteix en la personalitzaci\u00f3 que oferim. Des d&#039;expositors a mida fins a retolaci\u00f3 i impressi\u00f3 digital, us oferim una \u00e0mplia varietat de materials i acabats perqu\u00e8 les vostres idees cobrin vida de la manera que imagineu.<\/p>\n<p><img loading=\"lazy\" decoding=\"async\" class=\"alignnone wp-image-2076 size-full\" src=\"http:\/\/grafstil.es\/wp-content\/uploads\/2023\/12\/IMG_2545-scaled.jpg\" alt=\"\" width=\"2560\" height=\"1707\" srcset=\"https:\/\/grafstil.es\/wp-content\/uploads\/2023\/12\/IMG_2545-scaled.jpg 2560w, https:\/\/grafstil.es\/wp-content\/uploads\/2023\/12\/IMG_2545-300x200.jpg 300w, https:\/\/grafstil.es\/wp-content\/uploads\/2023\/12\/IMG_2545-1024x683.jpg 1024w, https:\/\/grafstil.es\/wp-content\/uploads\/2023\/12\/IMG_2545-768x512.jpg 768w, https:\/\/grafstil.es\/wp-content\/uploads\/2023\/12\/IMG_2545-1536x1024.jpg 1536w, https:\/\/grafstil.es\/wp-content\/uploads\/2023\/12\/IMG_2545-2048x1365.jpg 2048w, https:\/\/grafstil.es\/wp-content\/uploads\/2023\/12\/IMG_2545-18x12.jpg 18w\" sizes=\"auto, (max-width: 2560px) 100vw, 2560px\" \/><\/p>\n<p style=\"text-align: justify;\">Qu\u00e8 fa que el nostre <strong>expositor PLV<\/strong> sigui tan especial? No \u00e9s nom\u00e9s un suport per als teus productes, sin\u00f3 una declaraci\u00f3 de marca. La versatilitat de la nostra maquin\u00e0ria especialitzada, incloent-hi la maquin\u00e0ria CNC i la talladora l\u00e0ser, ens permet fabricar expositors personalitzats amb precisi\u00f3 i qualitat incomparables.<\/p>\n<p style=\"text-align: justify;\">Al nostre departament de serigrafia, imprimim en peces de diferents mides i pl\u00e0stics, utilitzant composicions pantone, quadricromies, tintes i pigments amb efectes. L&#039;atenci\u00f3 als detalls a trav\u00e9s de la serigrafia i la tampografia \u00e9s el que marca la difer\u00e8ncia en la presentaci\u00f3 dels teus productes.<\/p>\n<p style=\"text-align: justify;\">La combinaci\u00f3 d&#039;impressi\u00f3 digital a UVI i retolaci\u00f3 ens permet abordar una \u00e0mplia gamma de treballs, des de la decoraci\u00f3 d&#039;estands fins a fa\u00e7anes i cartells. Aquesta tecnologia avan\u00e7ada garanteix un acabat modern i professional que ressalta la qualitat dels teus productes.<\/p>\n<p><img loading=\"lazy\" decoding=\"async\" class=\"alignnone wp-image-2078 size-full\" src=\"http:\/\/grafstil.es\/wp-content\/uploads\/2023\/12\/IMG_2558-scaled.jpg\" alt=\"\" width=\"2560\" height=\"1707\" srcset=\"https:\/\/grafstil.es\/wp-content\/uploads\/2023\/12\/IMG_2558-scaled.jpg 2560w, https:\/\/grafstil.es\/wp-content\/uploads\/2023\/12\/IMG_2558-300x200.jpg 300w, https:\/\/grafstil.es\/wp-content\/uploads\/2023\/12\/IMG_2558-1024x683.jpg 1024w, https:\/\/grafstil.es\/wp-content\/uploads\/2023\/12\/IMG_2558-768x512.jpg 768w, https:\/\/grafstil.es\/wp-content\/uploads\/2023\/12\/IMG_2558-1536x1024.jpg 1536w, https:\/\/grafstil.es\/wp-content\/uploads\/2023\/12\/IMG_2558-2048x1365.jpg 2048w, https:\/\/grafstil.es\/wp-content\/uploads\/2023\/12\/IMG_2558-18x12.jpg 18w\" sizes=\"auto, (max-width: 2560px) 100vw, 2560px\" \/><\/p>\n<h2 style=\"text-align: justify;\">Expositor PLV de Grafstil: La Clau per a Destacar a Fires i Esdeveniments<\/h2>\n<p style=\"text-align: justify;\">A Grafstil, no deixem res a l&#039;atzar. Realitzem maquetaci\u00f3 i prototips per avaluar la viabilitat de producci\u00f3, assegurant resultats exitosos. Aquesta fase \u00e9s crucial per perfeccionar cada detall abans de la fabricaci\u00f3 final, garantint que cada <strong>expositor PLV<\/strong> sigui una obra mestra.<\/p>\n<p style=\"text-align: justify;\">El nostre equip creatiu s&#039;enorgulleix de desenvolupar dissenys personalitzats que s&#039;adapten a les vostres necessitats i reflecteixen la identitat \u00fanica de la vostra marca. Cada <strong>expositor PLV<\/strong> no nom\u00e9s mostra els teus productes, sin\u00f3 que explica la hist\u00f2ria de la teva marca de manera visualment impactant.<\/p>\n<p style=\"text-align: justify;\">En resum, l&#039;expositor PLV de Grafstil no nom\u00e9s \u00e9s un suport, \u00e9s una eina estrat\u00e8gica per destacar en un mercat saturat. Amb la nostra atenci\u00f3 a la qualitat, la personalitzaci\u00f3 i els detalls, et garantim que el teu impacte visual ser\u00e0 inoblidable. Descobreix el poder de Grafstil i porta la teva presentaci\u00f3 de productes al nivell seg\u00fcent.<\/p>\n<p><img loading=\"lazy\" decoding=\"async\" class=\"alignnone wp-image-2060 size-full\" src=\"http:\/\/grafstil.es\/wp-content\/uploads\/2023\/11\/IMG_2664-2-1-scaled.jpg\" alt=\"PLV Marketing Grafstil\" width=\"2560\" height=\"1707\" srcset=\"https:\/\/grafstil.es\/wp-content\/uploads\/2023\/11\/IMG_2664-2-1-scaled.jpg 2560w, https:\/\/grafstil.es\/wp-content\/uploads\/2023\/11\/IMG_2664-2-1-300x200.jpg 300w, https:\/\/grafstil.es\/wp-content\/uploads\/2023\/11\/IMG_2664-2-1-1024x683.jpg 1024w, https:\/\/grafstil.es\/wp-content\/uploads\/2023\/11\/IMG_2664-2-1-768x512.jpg 768w, https:\/\/grafstil.es\/wp-content\/uploads\/2023\/11\/IMG_2664-2-1-1536x1024.jpg 1536w, https:\/\/grafstil.es\/wp-content\/uploads\/2023\/11\/IMG_2664-2-1-2048x1365.jpg 2048w, https:\/\/grafstil.es\/wp-content\/uploads\/2023\/11\/IMG_2664-2-1-18x12.jpg 18w\" sizes=\"auto, (max-width: 2560px) 100vw, 2560px\" \/><\/p>","protected":false},"excerpt":{"rendered":"<p>Serigrafia i Tampografia: Detalls que Marquen la Difer\u00e8ncia Al competitiu m\u00f3n dels negocis, la primera impressi\u00f3 \u00e9s crucial. Vols assegurar-te que la teva marca es destaqui i deixi una impressi\u00f3 duradora als teus clients? Aleshores, descobreix les virtuts de l&#039;expositor PLV de Grafstil, una pe\u00e7a mestra que maximitzar\u00e0 el teu impacte visual i portar\u00e0 \u2026<\/p>\n<p class=\"read-more\"> <a class=\"\" href=\"https:\/\/grafstil.es\/ca\/maximiza-tu-impacto-visual-descubre-las-virtudes-del-expositor-plv-de-grafstil\/\"> <span class=\"screen-reader-text\">Maximitza el teu impacte visual: Descobreix les Virtuts de l&#039;Expositor PLV de Grafstil<\/span> Llegeix m\u00e9s \u00bb<\/a><\/p>","protected":false},"author":3,"featured_media":2081,"comment_status":"open","ping_status":"open","sticky":false,"template":"","format":"standard","meta":{"site-sidebar-layout":"default","site-content-layout":"default","ast-global-header-display":"","ast-banner-title-visibility":"","ast-main-header-display":"","ast-hfb-above-header-display":"","ast-hfb-below-header-display":"","ast-hfb-mobile-header-display":"","site-post-title":"","ast-breadcrumbs-content":"","ast-featured-img":"","footer-sml-layout":"","theme-transparent-header-meta":"default","adv-header-id-meta":"","stick-header-meta":"","header-above-stick-meta":"","header-main-stick-meta":"","header-below-stick-meta":"","footnotes":""},"categories":[45],"tags":[46],"class_list":["post-2095","post","type-post","status-publish","format-standard","has-post-thumbnail","hentry","category-expositor-plv","tag-expositor-plv"],"yoast_head":"<!-- This site is optimized with the Yoast SEO plugin v20.9 - https:\/\/yoast.com\/wordpress\/plugins\/seo\/ -->\n<title>Maximiza tu Impacto Visual: Descubre las Virtudes del Expositor PLV de Grafstil - Grafstil Displays | Serigraf\u00eda e Impresi\u00f3n digital<\/title>\n<meta name=\"robots\" content=\"index, follow, max-snippet:-1, max-image-preview:large, max-video-preview:-1\" \/>\n<link rel=\"canonical\" href=\"https:\/\/grafstil.es\/ca\/maximiza-tu-impacto-visual-descubre-las-virtudes-del-expositor-plv-de-grafstil\/\" \/>\n<meta property=\"og:locale\" content=\"ca_ES\" \/>\n<meta property=\"og:type\" content=\"article\" \/>\n<meta property=\"og:title\" content=\"Maximiza tu Impacto Visual: Descubre las Virtudes del Expositor PLV de Grafstil - Grafstil Displays | Serigraf\u00eda e Impresi\u00f3n digital\" \/>\n<meta property=\"og:description\" content=\"Serigraf\u00eda y Tampograf\u00eda: Detalles que Marcan la Diferencia En el competitivo mundo de los negocios, la primera impresi\u00f3n es crucial. \u00bfQuieres asegurarte de que tu marca se destaque y deje una impresi\u00f3n duradera en tus clientes? Entonces, descubre las virtudes del expositor PLV de Grafstil, una pieza maestra que maximizar\u00e1 tu impacto visual y llevar\u00e1 &hellip; Maximiza tu Impacto Visual: Descubre las Virtudes del Expositor PLV de Grafstil Llegeix m\u00e9s &raquo;\" \/>\n<meta property=\"og:url\" content=\"https:\/\/grafstil.es\/ca\/maximiza-tu-impacto-visual-descubre-las-virtudes-del-expositor-plv-de-grafstil\/\" \/>\n<meta property=\"og:site_name\" content=\"Grafstil Displays | Serigraf\u00eda e Impresi\u00f3n digital\" \/>\n<meta property=\"article:published_time\" content=\"2023-12-14T09:46:14+00:00\" \/>\n<meta property=\"article:modified_time\" content=\"2023-12-20T09:48:50+00:00\" \/>\n<meta property=\"og:image\" content=\"https:\/\/grafstil.es\/wp-content\/uploads\/2023\/12\/IMG_2571-scaled.jpg\" \/>\n\t<meta property=\"og:image:width\" content=\"2560\" \/>\n\t<meta property=\"og:image:height\" content=\"1707\" \/>\n\t<meta property=\"og:image:type\" content=\"image\/jpeg\" \/>\n<meta name=\"author\" content=\"adminproyect\" \/>\n<meta name=\"twitter:card\" content=\"summary_large_image\" \/>\n<meta name=\"twitter:label1\" content=\"Escrit per\" \/>\n\t<meta name=\"twitter:data1\" content=\"adminproyect\" \/>\n\t<meta name=\"twitter:label2\" content=\"Temps estimat de lectura\" \/>\n\t<meta name=\"twitter:data2\" content=\"3 minuts\" \/>\n<script type=\"application\/ld+json\" class=\"yoast-schema-graph\">{\"@context\":\"https:\/\/schema.org\",\"@graph\":[{\"@type\":\"WebPage\",\"@id\":\"https:\/\/grafstil.es\/maximiza-tu-impacto-visual-descubre-las-virtudes-del-expositor-plv-de-grafstil\/\",\"url\":\"https:\/\/grafstil.es\/maximiza-tu-impacto-visual-descubre-las-virtudes-del-expositor-plv-de-grafstil\/\",\"name\":\"Maximiza tu Impacto Visual: Descubre las Virtudes del Expositor PLV de Grafstil - Grafstil Displays | Serigraf\u00eda e Impresi\u00f3n digital\",\"isPartOf\":{\"@id\":\"https:\/\/grafstil.es\/#website\"},\"datePublished\":\"2023-12-14T09:46:14+00:00\",\"dateModified\":\"2023-12-20T09:48:50+00:00\",\"author\":{\"@id\":\"https:\/\/grafstil.es\/#\/schema\/person\/fddfb02b43dd73b1978b5362f29060cb\"},\"breadcrumb\":{\"@id\":\"https:\/\/grafstil.es\/maximiza-tu-impacto-visual-descubre-las-virtudes-del-expositor-plv-de-grafstil\/#breadcrumb\"},\"inLanguage\":\"ca\",\"potentialAction\":[{\"@type\":\"ReadAction\",\"target\":[\"https:\/\/grafstil.es\/maximiza-tu-impacto-visual-descubre-las-virtudes-del-expositor-plv-de-grafstil\/\"]}]},{\"@type\":\"BreadcrumbList\",\"@id\":\"https:\/\/grafstil.es\/maximiza-tu-impacto-visual-descubre-las-virtudes-del-expositor-plv-de-grafstil\/#breadcrumb\",\"itemListElement\":[{\"@type\":\"ListItem\",\"position\":1,\"name\":\"Portada\",\"item\":\"https:\/\/grafstil.es\/\"},{\"@type\":\"ListItem\",\"position\":2,\"name\":\"Maximiza tu Impacto Visual: Descubre las Virtudes del Expositor PLV de Grafstil\"}]},{\"@type\":\"WebSite\",\"@id\":\"https:\/\/grafstil.es\/#website\",\"url\":\"https:\/\/grafstil.es\/\",\"name\":\"Grafstil Displays | Serigraf\u00eda e Impresi\u00f3n digital\",\"description\":\"Estamos especializados en el dise\u00f1o y fabricaci\u00f3n de expositores de todo tipo, ofrecemos un gran surtido en cuanto a publicidad se refiere empleando para su desarrollo los sistemas de serigraf\u00eda, impresi\u00f3n digital, rotulaci\u00f3n, corte y grabado l\u00e1ser.\",\"potentialAction\":[{\"@type\":\"SearchAction\",\"target\":{\"@type\":\"EntryPoint\",\"urlTemplate\":\"https:\/\/grafstil.es\/?s={search_term_string}\"},\"query-input\":\"required name=search_term_string\"}],\"inLanguage\":\"ca\"},{\"@type\":\"Person\",\"@id\":\"https:\/\/grafstil.es\/#\/schema\/person\/fddfb02b43dd73b1978b5362f29060cb\",\"name\":\"adminproyect\",\"image\":{\"@type\":\"ImageObject\",\"inLanguage\":\"ca\",\"@id\":\"https:\/\/grafstil.es\/#\/schema\/person\/image\/\",\"url\":\"https:\/\/secure.gravatar.com\/avatar\/0b76accd5814eec62c9dc21b5229f8ebfb97f30190a52ccedf6098f8bf58b648?s=96&d=mm&r=g\",\"contentUrl\":\"https:\/\/secure.gravatar.com\/avatar\/0b76accd5814eec62c9dc21b5229f8ebfb97f30190a52ccedf6098f8bf58b648?s=96&d=mm&r=g\",\"caption\":\"adminproyect\"},\"url\":\"https:\/\/grafstil.es\/ca\/author\/adminproyect\/\"}]}<\/script>\n<!-- \/ Yoast SEO plugin. -->","yoast_head_json":{"title":"Maximiza tu Impacto Visual: Descubre las Virtudes del Expositor PLV de Grafstil - Grafstil Displays | Serigraf\u00eda e Impresi\u00f3n digital","robots":{"index":"index","follow":"follow","max-snippet":"max-snippet:-1","max-image-preview":"max-image-preview:large","max-video-preview":"max-video-preview:-1"},"canonical":"https:\/\/grafstil.es\/ca\/maximiza-tu-impacto-visual-descubre-las-virtudes-del-expositor-plv-de-grafstil\/","og_locale":"ca_ES","og_type":"article","og_title":"Maximiza tu Impacto Visual: Descubre las Virtudes del Expositor PLV de Grafstil - Grafstil Displays | Serigraf\u00eda e Impresi\u00f3n digital","og_description":"Serigraf\u00eda y Tampograf\u00eda: Detalles que Marcan la Diferencia En el competitivo mundo de los negocios, la primera impresi\u00f3n es crucial. \u00bfQuieres asegurarte de que tu marca se destaque y deje una impresi\u00f3n duradera en tus clientes? Entonces, descubre las virtudes del expositor PLV de Grafstil, una pieza maestra que maximizar\u00e1 tu impacto visual y llevar\u00e1 &hellip; Maximiza tu Impacto Visual: Descubre las Virtudes del Expositor PLV de Grafstil Llegeix m\u00e9s &raquo;","og_url":"https:\/\/grafstil.es\/ca\/maximiza-tu-impacto-visual-descubre-las-virtudes-del-expositor-plv-de-grafstil\/","og_site_name":"Grafstil Displays | Serigraf\u00eda e Impresi\u00f3n digital","article_published_time":"2023-12-14T09:46:14+00:00","article_modified_time":"2023-12-20T09:48:50+00:00","og_image":[{"width":2560,"height":1707,"url":"https:\/\/grafstil.es\/wp-content\/uploads\/2023\/12\/IMG_2571-scaled.jpg","type":"image\/jpeg"}],"author":"adminproyect","twitter_card":"summary_large_image","twitter_misc":{"Escrit per":"adminproyect","Temps estimat de lectura":"3 minuts"},"schema":{"@context":"https:\/\/schema.org","@graph":[{"@type":"WebPage","@id":"https:\/\/grafstil.es\/maximiza-tu-impacto-visual-descubre-las-virtudes-del-expositor-plv-de-grafstil\/","url":"https:\/\/grafstil.es\/maximiza-tu-impacto-visual-descubre-las-virtudes-del-expositor-plv-de-grafstil\/","name":"Maximiza tu Impacto Visual: Descubre las Virtudes del Expositor PLV de Grafstil - Grafstil Displays | Serigraf\u00eda e Impresi\u00f3n digital","isPartOf":{"@id":"https:\/\/grafstil.es\/#website"},"datePublished":"2023-12-14T09:46:14+00:00","dateModified":"2023-12-20T09:48:50+00:00","author":{"@id":"https:\/\/grafstil.es\/#\/schema\/person\/fddfb02b43dd73b1978b5362f29060cb"},"breadcrumb":{"@id":"https:\/\/grafstil.es\/maximiza-tu-impacto-visual-descubre-las-virtudes-del-expositor-plv-de-grafstil\/#breadcrumb"},"inLanguage":"ca","potentialAction":[{"@type":"ReadAction","target":["https:\/\/grafstil.es\/maximiza-tu-impacto-visual-descubre-las-virtudes-del-expositor-plv-de-grafstil\/"]}]},{"@type":"BreadcrumbList","@id":"https:\/\/grafstil.es\/maximiza-tu-impacto-visual-descubre-las-virtudes-del-expositor-plv-de-grafstil\/#breadcrumb","itemListElement":[{"@type":"ListItem","position":1,"name":"Portada","item":"https:\/\/grafstil.es\/"},{"@type":"ListItem","position":2,"name":"Maximiza tu Impacto Visual: Descubre las Virtudes del Expositor PLV de Grafstil"}]},{"@type":"WebSite","@id":"https:\/\/grafstil.es\/#website","url":"https:\/\/grafstil.es\/","name":"Grafstil Displays | Serigraf\u00eda e Impresi\u00f3n digital","description":"Estamos especializados en el dise\u00f1o y fabricaci\u00f3n de expositores de todo tipo, ofrecemos un gran surtido en cuanto a publicidad se refiere empleando para su desarrollo los sistemas de serigraf\u00eda, impresi\u00f3n digital, rotulaci\u00f3n, corte y grabado l\u00e1ser.","potentialAction":[{"@type":"SearchAction","target":{"@type":"EntryPoint","urlTemplate":"https:\/\/grafstil.es\/?s={search_term_string}"},"query-input":"required name=search_term_string"}],"inLanguage":"ca"},{"@type":"Person","@id":"https:\/\/grafstil.es\/#\/schema\/person\/fddfb02b43dd73b1978b5362f29060cb","name":"adminproyect","image":{"@type":"ImageObject","inLanguage":"ca","@id":"https:\/\/grafstil.es\/#\/schema\/person\/image\/","url":"https:\/\/secure.gravatar.com\/avatar\/0b76accd5814eec62c9dc21b5229f8ebfb97f30190a52ccedf6098f8bf58b648?s=96&d=mm&r=g","contentUrl":"https:\/\/secure.gravatar.com\/avatar\/0b76accd5814eec62c9dc21b5229f8ebfb97f30190a52ccedf6098f8bf58b648?s=96&d=mm&r=g","caption":"adminproyect"},"url":"https:\/\/grafstil.es\/ca\/author\/adminproyect\/"}]}},"_links":{"self":[{"href":"https:\/\/grafstil.es\/ca\/wp-json\/wp\/v2\/posts\/2095","targetHints":{"allow":["GET"]}}],"collection":[{"href":"https:\/\/grafstil.es\/ca\/wp-json\/wp\/v2\/posts"}],"about":[{"href":"https:\/\/grafstil.es\/ca\/wp-json\/wp\/v2\/types\/post"}],"author":[{"embeddable":true,"href":"https:\/\/grafstil.es\/ca\/wp-json\/wp\/v2\/users\/3"}],"replies":[{"embeddable":true,"href":"https:\/\/grafstil.es\/ca\/wp-json\/wp\/v2\/comments?post=2095"}],"version-history":[{"count":1,"href":"https:\/\/grafstil.es\/ca\/wp-json\/wp\/v2\/posts\/2095\/revisions"}],"predecessor-version":[{"id":2096,"href":"https:\/\/grafstil.es\/ca\/wp-json\/wp\/v2\/posts\/2095\/revisions\/2096"}],"wp:featuredmedia":[{"embeddable":true,"href":"https:\/\/grafstil.es\/ca\/wp-json\/wp\/v2\/media\/2081"}],"wp:attachment":[{"href":"https:\/\/grafstil.es\/ca\/wp-json\/wp\/v2\/media?parent=2095"}],"wp:term":[{"taxonomy":"category","embeddable":true,"href":"https:\/\/grafstil.es\/ca\/wp-json\/wp\/v2\/categories?post=2095"},{"taxonomy":"post_tag","embeddable":true,"href":"https:\/\/grafstil.es\/ca\/wp-json\/wp\/v2\/tags?post=2095"}],"curies":[{"name":"wp","href":"https:\/\/api.w.org\/{rel}","templated":true}]}}